{"id":167718,"date":"2022-05-18T16:05:22","date_gmt":"2022-05-18T21:05:22","guid":{"rendered":"https:\/\/www.centralhealth.net\/?p=167718"},"modified":"2026-04-14T11:48:49","modified_gmt":"2026-04-14T16:48:49","slug":"community-health-champions-comstock","status":"publish","type":"post","link":"http:\/\/54.164.224.163\/es\/community-health-champions-comstock\/","title":{"rendered":"Perfil de los Defensores de la Salud de la Comunidad de Central Health: Nora de Hoyos Comstock"},"content":{"rendered":"<p><em><a href=\"https:\/\/www.centralhealth.net\/wp-content\/uploads\/2022\/06\/nora_de_hoyos_comstock.jpeg\"><img loading=\"lazy\" decoding=\"async\" class=\"wp-image-168228 size-medium alignright\" src=\"https:\/\/www.centralhealth.net\/wp-content\/uploads\/2022\/06\/nora_de_hoyos_comstock-200x300.jpeg\" alt=\"\" width=\"200\" height=\"300\" srcset=\"https:\/\/54.164.224.163\/wp-content\/uploads\/2022\/06\/nora_de_hoyos_comstock-200x300.jpeg 200w, https:\/\/54.164.224.163\/wp-content\/uploads\/2022\/06\/nora_de_hoyos_comstock-16x24.jpeg 16w, https:\/\/54.164.224.163\/wp-content\/uploads\/2022\/06\/nora_de_hoyos_comstock-24x36.jpeg 24w, https:\/\/54.164.224.163\/wp-content\/uploads\/2022\/06\/nora_de_hoyos_comstock-32x48.jpeg 32w, https:\/\/54.164.224.163\/wp-content\/uploads\/2022\/06\/nora_de_hoyos_comstock.jpeg 325w\" sizes=\"auto, (max-width: 200px) 100vw, 200px\" \/><\/a><\/em><\/p>\n<blockquote><p><span style=\"font-size: 24pt;\"><em><strong>\"S\u00e9 un verdadero defensor. No utilices esto solo para ponerlo en tu curr\u00edculum; es algo sobre lo que actuar, y vamos a ver c\u00f3mo hacemos que la asistencia sanitaria est\u00e9 al alcance de todos.\"<\/strong><\/em><\/span><\/p><\/blockquote>\n<p><em>La doctora Nora de Hoyos Comstock es empresaria, l\u00edder empresarial y pionera en la utilizaci\u00f3n de las redes sociales para construir una comunidad para las latinas. Nora cree que la educaci\u00f3n, que se traduce en esperanza y oportunidades, es el factor m\u00e1s importante que puede transformar vidas.<\/em><\/p>\n<p><em>Nora es la fundadora nacional\/internacional de Las Comadres Para Las Am\u00e9ricas, y ha sido Presidenta\/CEO voluntaria (no remunerada) de la organizaci\u00f3n desde su fundaci\u00f3n. Ella ha construido la organizaci\u00f3n a m\u00e1s de 20.000 mujeres en cerca de 100 ciudades, 28 estados, Puerto Rico y Canad\u00e1. Desde entonces se ha jubilado, pero sigue formando parte de la junta directiva y sigue trabajando para la organizaci\u00f3n.<\/em><\/p>\n<p><em>Su liderazgo en la comunidad de Austin incluye la presidencia y la pertenencia al Capital Area Workforce Development Board (ahora Workforce Solutions). Adem\u00e1s, ha trabajado con el Long Center for the Performing Arts, Economic Growth Business Incubator, Greater Austin Chamber of Commerce y el Austin Museum of Art, por nombrar algunos. En la actualidad es miembro del consejo de la <strong>Revista de Pol\u00edtica Hispana de Harvard<\/strong> (Cambridge, MA) y <strong>Alfabetizaci\u00f3n de latinos<\/strong> (Los \u00c1ngeles, CA). Comstock fue elegida miembro del Consejo de Administraci\u00f3n del Austin Community College en noviembre de 2016 para un mandato de seis a\u00f1os.<\/em><\/p>\n<p><em>Comstock se desempe\u00f1\u00f3 como Campe\u00f3n de Salud Comunitaria con la cohorte de 2019.<\/em><\/p>\n<hr>\n<p><strong>P: \u00bfQu\u00e9 le llev\u00f3 a convertirse en Defensora de la Salud de la Comunidad?<\/strong><\/p>\n<p><strong>A: <\/strong>Me interesaba conocer mejor a las personas que no tienen seguro m\u00e9dico ni medios para mantenerse sanas y saber qu\u00e9 hac\u00eda nuestra comunidad por ellas. Sab\u00eda que hab\u00edamos creado un distrito sanitario y quer\u00eda entender mejor en qu\u00e9 consist\u00eda y c\u00f3mo participar y compartir esa informaci\u00f3n en la comunidad, y animar a otros a que tambi\u00e9n lo hicieran.<\/p>\n<p><strong>P: \u00bfC\u00f3mo ha sido la experiencia de ser Campe\u00f3n Comunitario de la Salud en comparaci\u00f3n con sus expectativas?<\/strong><\/p>\n<p><strong>A: <\/strong>Lo que he aprendido a lo largo de los a\u00f1os es que lo haces tuyo. Sea lo que sea, vayas donde vayas, participes en lo que participes, si el programa b\u00e1sico est\u00e1 ah\u00ed, puedes adaptarlo a tus necesidades. Puedes participar de formas que te permitan hacer lo que necesitas. Fui con m\u00e1s expectativas de las que el programa pod\u00eda cumplir, y eso no es negativo ni mucho menos, porque lo disfrut\u00e9 mucho. Pero tambi\u00e9n me di cuenta de que, para cumplir mis objetivos, ten\u00eda que implicarme m\u00e1s, encontrar la manera de que lo que necesitaba se pudiera llevar a cabo en el sistema y aprender d\u00f3nde y c\u00f3mo suceden las cosas. El programa me permiti\u00f3 hacerlo.<\/p>\n<p>Tambi\u00e9n me permiti\u00f3 crear un grupo incre\u00edble de amigos y colegas que comparten las mismas pasiones. Consid\u00e9ralo un punto de partida. No va a ser el todo y el fin de tus expectativas, pero sin duda es un comienzo y sienta las bases para que puedas tomar lo que quieres lograr -tus objetivos, tu misi\u00f3n, tu pasi\u00f3n- y te da un camino para llegar all\u00ed. Pero tienes que averiguar c\u00f3mo hacerlo realidad.<\/p>\n<p><strong>P: \u00bfHubo algo interesante o sorprendente en su experiencia?<\/strong><\/p>\n<p><strong>A: <\/strong>\u00a0Me encant\u00f3 la idea de la empresa, porque para m\u00ed, la empresa es una gran colaboraci\u00f3n y eso es lo que creo que Central Health ha puesto sobre la mesa, que nos permite alcanzar algunos de nuestros objetivos, o al menos, avanzar en esa direcci\u00f3n. Como no sab\u00eda lo que era Central Health, aprender sobre la empresa y sobre las piezas y c\u00f3mo se han reunido realmente me permiti\u00f3 pensar m\u00e1s en c\u00f3mo podemos, como comunidad, aportar nuestros recursos para resolver estos problemas. El hecho de que Central Health entienda que no podemos hacerlo solos y que los socios son fundamentales.<\/p>\n<p><strong>P: \u00bfQu\u00e9 le aport\u00f3 personalmente su experiencia?<\/strong><\/p>\n<p><strong>A: <\/strong>En primer lugar, gente incre\u00edble. No s\u00f3lo el personal de Central Health, que es incre\u00edble y est\u00e1 impulsado por su misi\u00f3n y su pasi\u00f3n para llevar a cabo el trabajo que hace, sino tambi\u00e9n la gente maravillosa que conoc\u00ed. Ten\u00edamos un objetivo com\u00fan, pero cada uno lo enfocaba desde un punto de vista diferente en funci\u00f3n de su experiencia y, por lo tanto, eso era lo que impulsaba su pasi\u00f3n. Cada uno de ellos era tan incre\u00edble, tan apasionado, tan comprometido y tan maravilloso y acogedor, que sent\u00ed una camarader\u00eda con ellos y una conexi\u00f3n. Ahora que s\u00e9 c\u00f3mo funciona Central Health, puedo centrarme m\u00e1s en c\u00f3mo utilizar mi energ\u00eda, mi pasi\u00f3n y mi compromiso en las interacciones con la comunidad para alcanzar algunos de nuestros objetivos mutuos.<\/p>\n<p><strong>P: \u00bfQu\u00e9 consejo le dar\u00eda a alguien que est\u00e9 pensando en convertirse en promotor comunitario de la salud?<\/strong><\/p>\n<p><strong>A: <\/strong>Piensa en lo que quieres conseguir. Yo tendr\u00eda muy claro lo que quieres. Yo sab\u00eda que s\u00f3lo quer\u00eda participar, y no tiene por qu\u00e9 ser mucho m\u00e1s que eso. Tienes que ser proactivo para asegurarte de que consigues lo que quieres. Sea lo que sea lo que te interesa, tienes que centrarte en ello. Deja que surja el panorama general, pero al mismo tiempo tienes que averiguar qu\u00e9 te interesa hacer y c\u00f3mo puedes conseguirlo. La instituci\u00f3n, el grupo, nos necesita. Se trata de una calle de doble sentido. No se trata s\u00f3lo de ti. Tambi\u00e9n se trata de la instituci\u00f3n, de la empresa y de c\u00f3mo puede reunir nuestra energ\u00eda, nuestra misi\u00f3n y nuestra pasi\u00f3n para impulsarla.<\/p>\n<p><strong>P: \u00bfC\u00f3mo influy\u00f3 en su trabajo por la equidad sanitaria el hecho de ser Defensora de la Salud Comunitaria?<\/strong><\/p>\n<p><strong>A: <\/strong>Lo llevo conmigo a todas partes. No puedo decir cu\u00e1ntas veces al d\u00eda sale de mi boca Central Health porque me aseguro de insertar siempre que sea posible conocimientos, experiencia, preguntas, conexi\u00f3n... todo ello. Es una parte integral de mi d\u00eda a d\u00eda. Creo que es as\u00ed de importante.<\/p>\n<p>S\u00e9 un verdadero defensor. No utilices esto solo para ponerlo en tu curr\u00edculum; es algo sobre lo que actuar, y vamos a ver c\u00f3mo hacemos que la asistencia sanitaria est\u00e9 al alcance de todos.<\/p>\n<hr>\n<p><em>Community Health Champions es un programa anual de Central Health que re\u00fane a diversos miembros de la comunidad de todo el condado de Travis para aprender, discutir y colaborar en nuestro trabajo para mejorar la salud del centro de Texas.<\/em><\/p>\n<p><em>A trav\u00e9s de una serie de talleres de cinco meses, los participantes aprenden sobre el sistema de salud para los residentes del Condado de Travis con bajos ingresos y c\u00f3mo Central Health y sus socios se unen para hacer frente a las disparidades de salud.<\/em><\/p>\n<p><em>Los Campeones de la Salud se enfrentan al reto de pensar m\u00e1s all\u00e1 de sus realidades individuales para convertirse en defensores del acceso a la atenci\u00f3n sanitaria y la equidad en sus propias comunidades.<\/em><\/p>\n<p><!--<em>Enrollment is Now Open Through June 15, 2022. Learn more at <\/em><a href=\"http:\/\/communityhealthchampions.net\"><em>communityhealthchampions.net<\/em><em>t<\/em><\/a><em>. <\/em>--><\/p>","protected":false},"excerpt":{"rendered":"<p>&#8220;Be a real advocate. Don\u2019t just use this to put on your resume; it\u2019s something to act on, and let\u2019s figure out how we make health care available to everyone.&#8221; [&hellip;]<\/p>\n","protected":false},"author":8,"featured_media":0,"comment_status":"closed","ping_status":"closed","sticky":false,"template":"","format":"standard","meta":{"_acf_changed":false,"_genesis_hide_title":false,"_genesis_hide_breadcrumbs":false,"_genesis_hide_singular_image":false,"_genesis_hide_footer_widgets":false,"_genesis_custom_body_class":"","_genesis_custom_post_class":"","_genesis_layout":"","footnotes":""},"categories":[878,4],"tags":[],"class_list":["post-167718","post","type-post","status-publish","format-standard","category-blog","category-news","entry","has-post-thumbnail"],"acf":[],"_links":{"self":[{"href":"http:\/\/54.164.224.163\/es\/wp-json\/wp\/v2\/posts\/167718","targetHints":{"allow":["GET"]}}],"collection":[{"href":"http:\/\/54.164.224.163\/es\/wp-json\/wp\/v2\/posts"}],"about":[{"href":"http:\/\/54.164.224.163\/es\/wp-json\/wp\/v2\/types\/post"}],"author":[{"embeddable":true,"href":"http:\/\/54.164.224.163\/es\/wp-json\/wp\/v2\/users\/8"}],"replies":[{"embeddable":true,"href":"http:\/\/54.164.224.163\/es\/wp-json\/wp\/v2\/comments?post=167718"}],"version-history":[{"count":1,"href":"http:\/\/54.164.224.163\/es\/wp-json\/wp\/v2\/posts\/167718\/revisions"}],"predecessor-version":[{"id":204701,"href":"http:\/\/54.164.224.163\/es\/wp-json\/wp\/v2\/posts\/167718\/revisions\/204701"}],"wp:attachment":[{"href":"http:\/\/54.164.224.163\/es\/wp-json\/wp\/v2\/media?parent=167718"}],"wp:term":[{"taxonomy":"category","embeddable":true,"href":"http:\/\/54.164.224.163\/es\/wp-json\/wp\/v2\/categories?post=167718"},{"taxonomy":"post_tag","embeddable":true,"href":"http:\/\/54.164.224.163\/es\/wp-json\/wp\/v2\/tags?post=167718"}],"curies":[{"name":"wp","href":"https:\/\/api.w.org\/{rel}","templated":true}]}}